{"id":9349,"date":"2026-09-03T11:54:34","date_gmt":"2026-09-03T10:54:34","guid":{"rendered":"http:\/\/ensak.usms.ac.ma\/ensak\/?p=9349"},"modified":"2026-09-03T11:54:34","modified_gmt":"2026-09-03T10:54:34","slug":"avis-aux-etudiants-demarrage-des-cours-annee-universitaire-2026-2027","status":"publish","type":"post","link":"http:\/\/ensak.usms.ac.ma\/ensak\/avis-aux-etudiants-demarrage-des-cours-annee-universitaire-2026-2027\/","title":{"rendered":"Avis aux \u00e9tudiants : D\u00e9marrage des cours \u2014 ann\u00e9e universitaire 2026-2027"},"content":{"rendered":"<p><span style=\"color: #000000;\">Il est port\u00e9 \u00e0 la connaissance des \u00e9tudiants que les cours du semestre d&rsquo;automne d\u00e9buteront :<\/span><\/p>\n<ul>\n<li><span style=\"color: #000000;\"><span style=\"color: #0000ff;\"><strong>le lundi 14 septembre 2026<\/strong><\/span> pour la deuxi\u00e8me et la troisi\u00e8me ann\u00e9e du cycle ing\u00e9nieur (<span style=\"color: #ff0000;\">CI2 et CI3<\/span>), la deuxi\u00e8me ann\u00e9e du cycle pr\u00e9paratoire (<span style=\"color: #ff0000;\">API2<\/span>) et la deuxi\u00e8me ann\u00e9e du master (<span style=\"color: #ff0000;\">M2<\/span>) ;<\/span><\/li>\n<li><span style=\"color: #000000;\"><span style=\"color: #0000ff;\"><strong>le lundi 21 septembre 2026<\/strong><\/span> pour les premi\u00e8res ann\u00e9es, du cycle ing\u00e9nieur (<span style=\"color: #ff0000;\">CI1<\/span>), des ann\u00e9es pr\u00e9paratoires (<span style=\"color: #ff0000;\">API1<\/span>) et du master (<span style=\"color: #ff0000;\">M1<\/span>).<\/span><\/li>\n<\/ul>\n<p><strong><span style=\"color: #000000;\">La pr\u00e9sence est obligatoire d\u00e8s la premi\u00e8re s\u00e9ance.<\/span><\/strong><\/p>\n<p><span style=\"color: #000000;\"><span style=\"color: #ff0000;\"><strong>N.B.<\/strong><\/span> Les emplois du temps seront communiqu\u00e9s ult\u00e9rieurement, par affichage \u00e0 l&rsquo;\u00e9cole et sur le site de l&rsquo;\u00e9tablissement.<\/span><\/p>\n<p><span style=\"color: #000000;\">Bonne rentr\u00e9e \u00e0 toutes et \u00e0 tous.<\/span><\/p>\n","protected":false},"excerpt":{"rendered":"<p>Il est port\u00e9 \u00e0 la connaissance des \u00e9tudiants que les cours du semestre d&rsquo;automne d\u00e9buteront : le lundi 14 septembre 2026 pour la deuxi\u00e8me et la troisi\u00e8me ann\u00e9e du cycle ing\u00e9nieur (CI2 et CI3), la deuxi\u00e8me ann\u00e9e du cycle pr\u00e9paratoire (API2) et la deuxi\u00e8me ann\u00e9e du master (M2) ; le lundi 21 septembre 2026 pour [&hellip;]<\/p>\n","protected":false},"author":1606,"featured_media":5297,"comment_status":"closed","ping_status":"open","sticky":false,"template":"","format":"standard","meta":{"ngg_post_thumbnail":0,"cybocfi_hide_featured_image":"yes"},"categories":[5,36],"tags":[],"acf":[],"_links":{"self":[{"href":"http:\/\/ensak.usms.ac.ma\/ensak\/wp-json\/wp\/v2\/posts\/9349"}],"collection":[{"href":"http:\/\/ensak.usms.ac.ma\/ensak\/wp-json\/wp\/v2\/posts"}],"about":[{"href":"http:\/\/ensak.usms.ac.ma\/ensak\/wp-json\/wp\/v2\/types\/post"}],"author":[{"embeddable":true,"href":"http:\/\/ensak.usms.ac.ma\/ensak\/wp-json\/wp\/v2\/users\/1606"}],"replies":[{"embeddable":true,"href":"http:\/\/ensak.usms.ac.ma\/ensak\/wp-json\/wp\/v2\/comments?post=9349"}],"version-history":[{"count":1,"href":"http:\/\/ensak.usms.ac.ma\/ensak\/wp-json\/wp\/v2\/posts\/9349\/revisions"}],"predecessor-version":[{"id":9350,"href":"http:\/\/ensak.usms.ac.ma\/ensak\/wp-json\/wp\/v2\/posts\/9349\/revisions\/9350"}],"wp:featuredmedia":[{"embeddable":true,"href":"http:\/\/ensak.usms.ac.ma\/ensak\/wp-json\/wp\/v2\/media\/5297"}],"wp:attachment":[{"href":"http:\/\/ensak.usms.ac.ma\/ensak\/wp-json\/wp\/v2\/media?parent=9349"}],"wp:term":[{"taxonomy":"category","embeddable":true,"href":"http:\/\/ensak.usms.ac.ma\/ensak\/wp-json\/wp\/v2\/categories?post=9349"},{"taxonomy":"post_tag","embeddable":true,"href":"http:\/\/ensak.usms.ac.ma\/ensak\/wp-json\/wp\/v2\/tags?post=9349"}],"curies":[{"name":"wp","href":"https:\/\/api.w.org\/{rel}","templated":true}]}}